{"id":2519,"date":"2024-11-19T21:25:56","date_gmt":"2024-11-20T00:25:56","guid":{"rendered":"https:\/\/cinemovimenta.com.br\/centro\/?p=2519"},"modified":"2024-11-19T21:26:27","modified_gmt":"2024-11-20T00:26:27","slug":"cine-movimenta-centro-celebra-dia-da-consciencia-negra-e-inaugura-nova-temporada","status":"publish","type":"post","link":"https:\/\/cinemovimenta.com.br\/centro\/cine-movimenta-centro-celebra-dia-da-consciencia-negra-e-inaugura-nova-temporada\/","title":{"rendered":"Cine Movimenta Centro celebra Dia da Consci\u00eancia Negra e inaugura nova temporada\u00a0"},"content":{"rendered":"\n<p>Nesta ter\u00e7a-feira, 19, \u00e0s 19h, o Cine Movimenta Centro realiza sess\u00f5es especiais em celebra\u00e7\u00e3o ao Dia da Consci\u00eancia Negra. As exibi\u00e7\u00f5es, que s\u00e3o gratuitas, marcam a inaugura\u00e7\u00e3o da terceira temporada do projeto, realizado nos Centros de Cultura de Vit\u00f3ria da Conquista, Jequi\u00e9, Itabuna e Porto Seguro, al\u00e9m do Col\u00e9gio Modelo, em Guanambi.<\/p>\n\n\n\n<p>A estreia da temporada traz dois filmes que destacam a representatividade negra no cinema e promovem reflex\u00f5es sobre temas hist\u00f3ricos e sociais ligados \u00e0 luta pela igualdade racial. S\u00e3o eles o curta-metragem &#8220;Egum&#8221; e o longa-metragem &#8220;1798 \u2013 Revolta dos B\u00fazios&#8221;.<\/p>\n\n\n\n<p>Dirigido por Yuri Costa, &#8220;Egum&#8221; utiliza o g\u00eanero&nbsp;<em>horror noire<\/em>&nbsp;para abordar quest\u00f5es sociais e hist\u00f3ricas, acompanhando a hist\u00f3ria de um jornalista que retorna \u00e0 casa da fam\u00edlia ap\u00f3s a tr\u00e1gica morte do irm\u00e3o e se depara com mist\u00e9rios sobrenaturais relacionados \u00e0 sa\u00fade de sua m\u00e3e. Inspirado pelo pensamento de Frantz Fanon, o filme reflete sobre os medos reais e simb\u00f3licos enfrentados pelas comunidades negras no Brasil, marcadas pelo genoc\u00eddio e pelo abandono.&nbsp;<\/p>\n\n\n\n<p>J\u00e1 &#8220;1798 \u2013 Revolta dos B\u00fazios&#8221;, dirigido por Ant\u00f4nio Olavo, resgata um dos mais importantes epis\u00f3dios de resist\u00eancia negra no pa\u00eds ao narrar o levante de homens negros contra o governo colonial, em defesa de uma rep\u00fablica democr\u00e1tica livre da escravid\u00e3o. Baseado nos &#8220;Autos da Devassa&#8221; e fruto de 13 anos de pesquisa, o filme preserva a mem\u00f3ria de uma luta revolucion\u00e1ria por liberdade e igualdade.<\/p>\n\n\n\n<p>Ap\u00f3s as exibi\u00e7\u00f5es dos filmes, o p\u00fablico de todas as cidades ser\u00e1 convidado a participar de um momento de reflex\u00e3o e di\u00e1logo, conduzido por comentaristas locais, que trar\u00e3o perspectivas sobre os temas envolvidos nas produ\u00e7\u00f5es. O Cine Movimenta Centro foi contemplado nos Editais da Paulo Gustavo Bahia e tem apoio financeiro do Governo do Estado da Bahia atrav\u00e9s da Secretaria de Cultura via Lei Paulo Gustavo, direcionada pelo Minist\u00e9rio da Cultura, Governo Federal. Paulo Gustavo Bahia (PGBA) foi criada para a efetiva\u00e7\u00e3o das a\u00e7\u00f5es emergenciais de apoio ao setor cultural, visando cumprir a Lei Complementar n\u00ba 195, de 8 de julho de 2022.<\/p>\n","protected":false},"excerpt":{"rendered":"<p>Nesta ter\u00e7a-feira, 19, \u00e0s 19h, o Cine Movimenta Centro realiza sess\u00f5es especiais em celebra\u00e7\u00e3o ao Dia da Consci\u00eancia Negra. As exibi\u00e7\u00f5es, que s\u00e3o gratuitas, marcam a inaugura\u00e7\u00e3o da terceira temporada do projeto, realizado nos Centros de Cultura de Vit\u00f3ria da Conquista, Jequi\u00e9, Itabuna e Porto Seguro, al\u00e9m do Col\u00e9gio Modelo, em Guanambi. A estreia da [&hellip;]<\/p>\n","protected":false},"author":3,"featured_media":2512,"comment_status":"open","ping_status":"open","sticky":false,"template":"","format":"standard","meta":{"footnotes":""},"categories":[1],"tags":[],"class_list":["post-2519","post","type-post","status-publish","format-standard","has-post-thumbnail","hentry","category-sem-categoria"],"yoast_head":"<!-- This site is optimized with the Yoast SEO plugin v26.1.1 - https:\/\/yoast.com\/wordpress\/plugins\/seo\/ -->\n<title>Cine Movimenta Centro celebra Dia da Consci\u00eancia Negra e inaugura nova temporada\u00a0 - Cine Movimenta Centro<\/title>\n<meta name=\"robots\" content=\"index, follow, max-snippet:-1, max-image-preview:large, max-video-preview:-1\" \/>\n<link rel=\"canonical\" href=\"https:\/\/cinemovimenta.com.br\/centro\/cine-movimenta-centro-celebra-dia-da-consciencia-negra-e-inaugura-nova-temporada\/\" \/>\n<meta property=\"og:locale\" content=\"pt_BR\" \/>\n<meta property=\"og:type\" content=\"article\" \/>\n<meta property=\"og:title\" content=\"Cine Movimenta Centro celebra Dia da Consci\u00eancia Negra e inaugura nova temporada\u00a0 - Cine Movimenta Centro\" \/>\n<meta property=\"og:description\" content=\"Nesta ter\u00e7a-feira, 19, \u00e0s 19h, o Cine Movimenta Centro realiza sess\u00f5es especiais em celebra\u00e7\u00e3o ao Dia da Consci\u00eancia Negra. As exibi\u00e7\u00f5es, que s\u00e3o gratuitas, marcam a inaugura\u00e7\u00e3o da terceira temporada do projeto, realizado nos Centros de Cultura de Vit\u00f3ria da Conquista, Jequi\u00e9, Itabuna e Porto Seguro, al\u00e9m do Col\u00e9gio Modelo, em Guanambi. A estreia da [&hellip;]\" \/>\n<meta property=\"og:url\" content=\"https:\/\/cinemovimenta.com.br\/centro\/cine-movimenta-centro-celebra-dia-da-consciencia-negra-e-inaugura-nova-temporada\/\" \/>\n<meta property=\"og:site_name\" content=\"Cine Movimenta Centro\" \/>\n<meta property=\"article:published_time\" content=\"2024-11-20T00:25:56+00:00\" \/>\n<meta property=\"article:modified_time\" content=\"2024-11-20T00:26:27+00:00\" \/>\n<meta property=\"og:image\" content=\"https:\/\/cinemovimenta.com.br\/centro\/wp-content\/uploads\/2024\/11\/EGUM.jpg\" \/>\n\t<meta property=\"og:image:width\" content=\"1024\" \/>\n\t<meta property=\"og:image:height\" content=\"683\" \/>\n\t<meta property=\"og:image:type\" content=\"image\/jpeg\" \/>\n<meta name=\"author\" content=\"Ana Paula\u00a0Marques\" \/>\n<meta name=\"twitter:card\" content=\"summary_large_image\" \/>\n<meta name=\"twitter:label1\" content=\"Escrito por\" \/>\n\t<meta name=\"twitter:data1\" content=\"Ana Paula\u00a0Marques\" \/>\n\t<meta name=\"twitter:label2\" content=\"Est. tempo de leitura\" \/>\n\t<meta name=\"twitter:data2\" content=\"2 minutos\" \/>\n<script type=\"application\/ld+json\" class=\"yoast-schema-graph\">{\"@context\":\"https:\/\/schema.org\",\"@graph\":[{\"@type\":\"Article\",\"@id\":\"https:\/\/cinemovimenta.com.br\/centro\/cine-movimenta-centro-celebra-dia-da-consciencia-negra-e-inaugura-nova-temporada\/#article\",\"isPartOf\":{\"@id\":\"https:\/\/cinemovimenta.com.br\/centro\/cine-movimenta-centro-celebra-dia-da-consciencia-negra-e-inaugura-nova-temporada\/\"},\"author\":{\"name\":\"Ana Paula\u00a0Marques\",\"@id\":\"https:\/\/cinemovimenta.com.br\/centro\/#\/schema\/person\/162abd7216c996124e0b98525513d240\"},\"headline\":\"Cine Movimenta Centro celebra Dia da Consci\u00eancia Negra e inaugura nova temporada\u00a0\",\"datePublished\":\"2024-11-20T00:25:56+00:00\",\"dateModified\":\"2024-11-20T00:26:27+00:00\",\"mainEntityOfPage\":{\"@id\":\"https:\/\/cinemovimenta.com.br\/centro\/cine-movimenta-centro-celebra-dia-da-consciencia-negra-e-inaugura-nova-temporada\/\"},\"wordCount\":387,\"commentCount\":0,\"publisher\":{\"@id\":\"https:\/\/cinemovimenta.com.br\/centro\/#organization\"},\"image\":{\"@id\":\"https:\/\/cinemovimenta.com.br\/centro\/cine-movimenta-centro-celebra-dia-da-consciencia-negra-e-inaugura-nova-temporada\/#primaryimage\"},\"thumbnailUrl\":\"https:\/\/cinemovimenta.com.br\/centro\/wp-content\/uploads\/2024\/11\/EGUM.jpg\",\"inLanguage\":\"pt-BR\",\"potentialAction\":[{\"@type\":\"CommentAction\",\"name\":\"Comment\",\"target\":[\"https:\/\/cinemovimenta.com.br\/centro\/cine-movimenta-centro-celebra-dia-da-consciencia-negra-e-inaugura-nova-temporada\/#respond\"]}]},{\"@type\":\"WebPage\",\"@id\":\"https:\/\/cinemovimenta.com.br\/centro\/cine-movimenta-centro-celebra-dia-da-consciencia-negra-e-inaugura-nova-temporada\/\",\"url\":\"https:\/\/cinemovimenta.com.br\/centro\/cine-movimenta-centro-celebra-dia-da-consciencia-negra-e-inaugura-nova-temporada\/\",\"name\":\"Cine Movimenta Centro celebra Dia da Consci\u00eancia Negra e inaugura nova temporada\u00a0 - Cine Movimenta Centro\",\"isPartOf\":{\"@id\":\"https:\/\/cinemovimenta.com.br\/centro\/#website\"},\"primaryImageOfPage\":{\"@id\":\"https:\/\/cinemovimenta.com.br\/centro\/cine-movimenta-centro-celebra-dia-da-consciencia-negra-e-inaugura-nova-temporada\/#primaryimage\"},\"image\":{\"@id\":\"https:\/\/cinemovimenta.com.br\/centro\/cine-movimenta-centro-celebra-dia-da-consciencia-negra-e-inaugura-nova-temporada\/#primaryimage\"},\"thumbnailUrl\":\"https:\/\/cinemovimenta.com.br\/centro\/wp-content\/uploads\/2024\/11\/EGUM.jpg\",\"datePublished\":\"2024-11-20T00:25:56+00:00\",\"dateModified\":\"2024-11-20T00:26:27+00:00\",\"breadcrumb\":{\"@id\":\"https:\/\/cinemovimenta.com.br\/centro\/cine-movimenta-centro-celebra-dia-da-consciencia-negra-e-inaugura-nova-temporada\/#breadcrumb\"},\"inLanguage\":\"pt-BR\",\"potentialAction\":[{\"@type\":\"ReadAction\",\"target\":[\"https:\/\/cinemovimenta.com.br\/centro\/cine-movimenta-centro-celebra-dia-da-consciencia-negra-e-inaugura-nova-temporada\/\"]}]},{\"@type\":\"ImageObject\",\"inLanguage\":\"pt-BR\",\"@id\":\"https:\/\/cinemovimenta.com.br\/centro\/cine-movimenta-centro-celebra-dia-da-consciencia-negra-e-inaugura-nova-temporada\/#primaryimage\",\"url\":\"https:\/\/cinemovimenta.com.br\/centro\/wp-content\/uploads\/2024\/11\/EGUM.jpg\",\"contentUrl\":\"https:\/\/cinemovimenta.com.br\/centro\/wp-content\/uploads\/2024\/11\/EGUM.jpg\",\"width\":1024,\"height\":683,\"caption\":\"Fotografia de uma cena do filme. Uma pessoa negra deitada, com a cabe\u00e7a voltada para a esquerda, tem os cabelos pretos com tran\u00e7as avermelhadas presas num coque. Tem a testa franzida, as sobrancelhas finas, arqueadas, olha desolada para baixo. A m\u00e3o direita est\u00e1 sobre o bra\u00e7o esquerdo estendido para baixo. De camiseta regata cinza mescla, est\u00e1 deitada sobre algo coberto por um len\u00e7ol bege de listras rosadas. Atr\u00e1s, desfocado um tecido parte rosa, parte vermelha e outra branca.\"},{\"@type\":\"BreadcrumbList\",\"@id\":\"https:\/\/cinemovimenta.com.br\/centro\/cine-movimenta-centro-celebra-dia-da-consciencia-negra-e-inaugura-nova-temporada\/#breadcrumb\",\"itemListElement\":[{\"@type\":\"ListItem\",\"position\":1,\"name\":\"In\u00edcio\",\"item\":\"https:\/\/cinemovimenta.com.br\/centro\/\"},{\"@type\":\"ListItem\",\"position\":2,\"name\":\"Cine Movimenta Centro celebra Dia da Consci\u00eancia Negra e inaugura nova temporada\u00a0\"}]},{\"@type\":\"WebSite\",\"@id\":\"https:\/\/cinemovimenta.com.br\/centro\/#website\",\"url\":\"https:\/\/cinemovimenta.com.br\/centro\/\",\"name\":\"Cine Movimenta Centro\",\"description\":\"Mostra de Cinema\",\"publisher\":{\"@id\":\"https:\/\/cinemovimenta.com.br\/centro\/#organization\"},\"potentialAction\":[{\"@type\":\"SearchAction\",\"target\":{\"@type\":\"EntryPoint\",\"urlTemplate\":\"https:\/\/cinemovimenta.com.br\/centro\/?s={search_term_string}\"},\"query-input\":{\"@type\":\"PropertyValueSpecification\",\"valueRequired\":true,\"valueName\":\"search_term_string\"}}],\"inLanguage\":\"pt-BR\"},{\"@type\":\"Organization\",\"@id\":\"https:\/\/cinemovimenta.com.br\/centro\/#organization\",\"name\":\"Cine Movimenta Centro\",\"url\":\"https:\/\/cinemovimenta.com.br\/centro\/\",\"logo\":{\"@type\":\"ImageObject\",\"inLanguage\":\"pt-BR\",\"@id\":\"https:\/\/cinemovimenta.com.br\/centro\/#\/schema\/logo\/image\/\",\"url\":\"https:\/\/cinemovimenta.com.br\/centro\/wp-content\/uploads\/2024\/07\/header-site.png\",\"contentUrl\":\"https:\/\/cinemovimenta.com.br\/centro\/wp-content\/uploads\/2024\/07\/header-site.png\",\"width\":1920,\"height\":200,\"caption\":\"Cine Movimenta Centro\"},\"image\":{\"@id\":\"https:\/\/cinemovimenta.com.br\/centro\/#\/schema\/logo\/image\/\"}},{\"@type\":\"Person\",\"@id\":\"https:\/\/cinemovimenta.com.br\/centro\/#\/schema\/person\/162abd7216c996124e0b98525513d240\",\"name\":\"Ana Paula\u00a0Marques\",\"image\":{\"@type\":\"ImageObject\",\"inLanguage\":\"pt-BR\",\"@id\":\"https:\/\/cinemovimenta.com.br\/centro\/#\/schema\/person\/image\/\",\"url\":\"https:\/\/secure.gravatar.com\/avatar\/5c9d986a9e3676c2c9ae36beb3a424350d7c8080319740945944f88f1bfbae51?s=96&d=mm&r=g\",\"contentUrl\":\"https:\/\/secure.gravatar.com\/avatar\/5c9d986a9e3676c2c9ae36beb3a424350d7c8080319740945944f88f1bfbae51?s=96&d=mm&r=g\",\"caption\":\"Ana Paula\u00a0Marques\"},\"url\":\"https:\/\/cinemovimenta.com.br\/centro\/author\/paulinha\/\"}]}<\/script>\n<!-- \/ Yoast SEO plugin. -->","yoast_head_json":{"title":"Cine Movimenta Centro celebra Dia da Consci\u00eancia Negra e inaugura nova temporada\u00a0 - Cine Movimenta Centro","robots":{"index":"index","follow":"follow","max-snippet":"max-snippet:-1","max-image-preview":"max-image-preview:large","max-video-preview":"max-video-preview:-1"},"canonical":"https:\/\/cinemovimenta.com.br\/centro\/cine-movimenta-centro-celebra-dia-da-consciencia-negra-e-inaugura-nova-temporada\/","og_locale":"pt_BR","og_type":"article","og_title":"Cine Movimenta Centro celebra Dia da Consci\u00eancia Negra e inaugura nova temporada\u00a0 - Cine Movimenta Centro","og_description":"Nesta ter\u00e7a-feira, 19, \u00e0s 19h, o Cine Movimenta Centro realiza sess\u00f5es especiais em celebra\u00e7\u00e3o ao Dia da Consci\u00eancia Negra. As exibi\u00e7\u00f5es, que s\u00e3o gratuitas, marcam a inaugura\u00e7\u00e3o da terceira temporada do projeto, realizado nos Centros de Cultura de Vit\u00f3ria da Conquista, Jequi\u00e9, Itabuna e Porto Seguro, al\u00e9m do Col\u00e9gio Modelo, em Guanambi. A estreia da [&hellip;]","og_url":"https:\/\/cinemovimenta.com.br\/centro\/cine-movimenta-centro-celebra-dia-da-consciencia-negra-e-inaugura-nova-temporada\/","og_site_name":"Cine Movimenta Centro","article_published_time":"2024-11-20T00:25:56+00:00","article_modified_time":"2024-11-20T00:26:27+00:00","og_image":[{"width":1024,"height":683,"url":"https:\/\/cinemovimenta.com.br\/centro\/wp-content\/uploads\/2024\/11\/EGUM.jpg","type":"image\/jpeg"}],"author":"Ana Paula\u00a0Marques","twitter_card":"summary_large_image","twitter_misc":{"Escrito por":"Ana Paula\u00a0Marques","Est. tempo de leitura":"2 minutos"},"schema":{"@context":"https:\/\/schema.org","@graph":[{"@type":"Article","@id":"https:\/\/cinemovimenta.com.br\/centro\/cine-movimenta-centro-celebra-dia-da-consciencia-negra-e-inaugura-nova-temporada\/#article","isPartOf":{"@id":"https:\/\/cinemovimenta.com.br\/centro\/cine-movimenta-centro-celebra-dia-da-consciencia-negra-e-inaugura-nova-temporada\/"},"author":{"name":"Ana Paula\u00a0Marques","@id":"https:\/\/cinemovimenta.com.br\/centro\/#\/schema\/person\/162abd7216c996124e0b98525513d240"},"headline":"Cine Movimenta Centro celebra Dia da Consci\u00eancia Negra e inaugura nova temporada\u00a0","datePublished":"2024-11-20T00:25:56+00:00","dateModified":"2024-11-20T00:26:27+00:00","mainEntityOfPage":{"@id":"https:\/\/cinemovimenta.com.br\/centro\/cine-movimenta-centro-celebra-dia-da-consciencia-negra-e-inaugura-nova-temporada\/"},"wordCount":387,"commentCount":0,"publisher":{"@id":"https:\/\/cinemovimenta.com.br\/centro\/#organization"},"image":{"@id":"https:\/\/cinemovimenta.com.br\/centro\/cine-movimenta-centro-celebra-dia-da-consciencia-negra-e-inaugura-nova-temporada\/#primaryimage"},"thumbnailUrl":"https:\/\/cinemovimenta.com.br\/centro\/wp-content\/uploads\/2024\/11\/EGUM.jpg","inLanguage":"pt-BR","potentialAction":[{"@type":"CommentAction","name":"Comment","target":["https:\/\/cinemovimenta.com.br\/centro\/cine-movimenta-centro-celebra-dia-da-consciencia-negra-e-inaugura-nova-temporada\/#respond"]}]},{"@type":"WebPage","@id":"https:\/\/cinemovimenta.com.br\/centro\/cine-movimenta-centro-celebra-dia-da-consciencia-negra-e-inaugura-nova-temporada\/","url":"https:\/\/cinemovimenta.com.br\/centro\/cine-movimenta-centro-celebra-dia-da-consciencia-negra-e-inaugura-nova-temporada\/","name":"Cine Movimenta Centro celebra Dia da Consci\u00eancia Negra e inaugura nova temporada\u00a0 - Cine Movimenta Centro","isPartOf":{"@id":"https:\/\/cinemovimenta.com.br\/centro\/#website"},"primaryImageOfPage":{"@id":"https:\/\/cinemovimenta.com.br\/centro\/cine-movimenta-centro-celebra-dia-da-consciencia-negra-e-inaugura-nova-temporada\/#primaryimage"},"image":{"@id":"https:\/\/cinemovimenta.com.br\/centro\/cine-movimenta-centro-celebra-dia-da-consciencia-negra-e-inaugura-nova-temporada\/#primaryimage"},"thumbnailUrl":"https:\/\/cinemovimenta.com.br\/centro\/wp-content\/uploads\/2024\/11\/EGUM.jpg","datePublished":"2024-11-20T00:25:56+00:00","dateModified":"2024-11-20T00:26:27+00:00","breadcrumb":{"@id":"https:\/\/cinemovimenta.com.br\/centro\/cine-movimenta-centro-celebra-dia-da-consciencia-negra-e-inaugura-nova-temporada\/#breadcrumb"},"inLanguage":"pt-BR","potentialAction":[{"@type":"ReadAction","target":["https:\/\/cinemovimenta.com.br\/centro\/cine-movimenta-centro-celebra-dia-da-consciencia-negra-e-inaugura-nova-temporada\/"]}]},{"@type":"ImageObject","inLanguage":"pt-BR","@id":"https:\/\/cinemovimenta.com.br\/centro\/cine-movimenta-centro-celebra-dia-da-consciencia-negra-e-inaugura-nova-temporada\/#primaryimage","url":"https:\/\/cinemovimenta.com.br\/centro\/wp-content\/uploads\/2024\/11\/EGUM.jpg","contentUrl":"https:\/\/cinemovimenta.com.br\/centro\/wp-content\/uploads\/2024\/11\/EGUM.jpg","width":1024,"height":683,"caption":"Fotografia de uma cena do filme. Uma pessoa negra deitada, com a cabe\u00e7a voltada para a esquerda, tem os cabelos pretos com tran\u00e7as avermelhadas presas num coque. Tem a testa franzida, as sobrancelhas finas, arqueadas, olha desolada para baixo. A m\u00e3o direita est\u00e1 sobre o bra\u00e7o esquerdo estendido para baixo. De camiseta regata cinza mescla, est\u00e1 deitada sobre algo coberto por um len\u00e7ol bege de listras rosadas. Atr\u00e1s, desfocado um tecido parte rosa, parte vermelha e outra branca."},{"@type":"BreadcrumbList","@id":"https:\/\/cinemovimenta.com.br\/centro\/cine-movimenta-centro-celebra-dia-da-consciencia-negra-e-inaugura-nova-temporada\/#breadcrumb","itemListElement":[{"@type":"ListItem","position":1,"name":"In\u00edcio","item":"https:\/\/cinemovimenta.com.br\/centro\/"},{"@type":"ListItem","position":2,"name":"Cine Movimenta Centro celebra Dia da Consci\u00eancia Negra e inaugura nova temporada\u00a0"}]},{"@type":"WebSite","@id":"https:\/\/cinemovimenta.com.br\/centro\/#website","url":"https:\/\/cinemovimenta.com.br\/centro\/","name":"Cine Movimenta Centro","description":"Mostra de Cinema","publisher":{"@id":"https:\/\/cinemovimenta.com.br\/centro\/#organization"},"potentialAction":[{"@type":"SearchAction","target":{"@type":"EntryPoint","urlTemplate":"https:\/\/cinemovimenta.com.br\/centro\/?s={search_term_string}"},"query-input":{"@type":"PropertyValueSpecification","valueRequired":true,"valueName":"search_term_string"}}],"inLanguage":"pt-BR"},{"@type":"Organization","@id":"https:\/\/cinemovimenta.com.br\/centro\/#organization","name":"Cine Movimenta Centro","url":"https:\/\/cinemovimenta.com.br\/centro\/","logo":{"@type":"ImageObject","inLanguage":"pt-BR","@id":"https:\/\/cinemovimenta.com.br\/centro\/#\/schema\/logo\/image\/","url":"https:\/\/cinemovimenta.com.br\/centro\/wp-content\/uploads\/2024\/07\/header-site.png","contentUrl":"https:\/\/cinemovimenta.com.br\/centro\/wp-content\/uploads\/2024\/07\/header-site.png","width":1920,"height":200,"caption":"Cine Movimenta Centro"},"image":{"@id":"https:\/\/cinemovimenta.com.br\/centro\/#\/schema\/logo\/image\/"}},{"@type":"Person","@id":"https:\/\/cinemovimenta.com.br\/centro\/#\/schema\/person\/162abd7216c996124e0b98525513d240","name":"Ana Paula\u00a0Marques","image":{"@type":"ImageObject","inLanguage":"pt-BR","@id":"https:\/\/cinemovimenta.com.br\/centro\/#\/schema\/person\/image\/","url":"https:\/\/secure.gravatar.com\/avatar\/5c9d986a9e3676c2c9ae36beb3a424350d7c8080319740945944f88f1bfbae51?s=96&d=mm&r=g","contentUrl":"https:\/\/secure.gravatar.com\/avatar\/5c9d986a9e3676c2c9ae36beb3a424350d7c8080319740945944f88f1bfbae51?s=96&d=mm&r=g","caption":"Ana Paula\u00a0Marques"},"url":"https:\/\/cinemovimenta.com.br\/centro\/author\/paulinha\/"}]}},"_links":{"self":[{"href":"https:\/\/cinemovimenta.com.br\/centro\/wp-json\/wp\/v2\/posts\/2519","targetHints":{"allow":["GET"]}}],"collection":[{"href":"https:\/\/cinemovimenta.com.br\/centro\/wp-json\/wp\/v2\/posts"}],"about":[{"href":"https:\/\/cinemovimenta.com.br\/centro\/wp-json\/wp\/v2\/types\/post"}],"author":[{"embeddable":true,"href":"https:\/\/cinemovimenta.com.br\/centro\/wp-json\/wp\/v2\/users\/3"}],"replies":[{"embeddable":true,"href":"https:\/\/cinemovimenta.com.br\/centro\/wp-json\/wp\/v2\/comments?post=2519"}],"version-history":[{"count":1,"href":"https:\/\/cinemovimenta.com.br\/centro\/wp-json\/wp\/v2\/posts\/2519\/revisions"}],"predecessor-version":[{"id":2520,"href":"https:\/\/cinemovimenta.com.br\/centro\/wp-json\/wp\/v2\/posts\/2519\/revisions\/2520"}],"wp:featuredmedia":[{"embeddable":true,"href":"https:\/\/cinemovimenta.com.br\/centro\/wp-json\/wp\/v2\/media\/2512"}],"wp:attachment":[{"href":"https:\/\/cinemovimenta.com.br\/centro\/wp-json\/wp\/v2\/media?parent=2519"}],"wp:term":[{"taxonomy":"category","embeddable":true,"href":"https:\/\/cinemovimenta.com.br\/centro\/wp-json\/wp\/v2\/categories?post=2519"},{"taxonomy":"post_tag","embeddable":true,"href":"https:\/\/cinemovimenta.com.br\/centro\/wp-json\/wp\/v2\/tags?post=2519"}],"curies":[{"name":"wp","href":"https:\/\/api.w.org\/{rel}","templated":true}]}}